{"id":4315,"__str__":"Ordem do Dia/Expediente: 4 - Projeto de Lei Legislativo n\u00ba 7 de 2022 em 10\u00aa Ordin\u00e1ria de 2022 da 2\u00aa Sess\u00e3o Legislativa da 22\u00aa Legislatura","link_detail_backend":"/sessao/ordemdia/4315","metadata":{"old_system":{"value":{"id":4315,"fase":{"id":481,"tipo":7,"ordem":1,"versao":1,"__model__":"Tipo","descricao":"Ordem do Dia","descricoes":"Ordem do Dia"},"ordem":26,"origem":{},"versao":0,"publicar":1,"__model__":"Sessaodocumentovinculo","documento":{"id":34689,"ano":2022,"data":"2022-03-28T00:00:00Z","flag1":null,"valor":null,"numero":7,"quorum":28,"regime":6,"versao":0,"assunto":"Institui o dia de Combate \u00e1 Viol\u00eancia Dom\u00e9stica; Cria mecanismo para coibir a viol\u00eancia dom\u00e9stica e familiar contra a mulher, instituir o protocolo de atendimento a essas mulheres dentro das institui\u00e7\u00f5es da rede municipal (Secretaria Municipal de Assist\u00eancia Social; Secretaria Municipal de Educa\u00e7\u00e3o; Secretaria Municipal de Sa\u00fade; e d\u00e1 outras provid\u00eancias.","subtipo":210,"votacao":null,"publicar":1,"situacao":281,"__model__":"Documento","descricao":"Projeto de Lei N\u00ba 7/2022","discussao":null,"anoprocesso":null,"complemento":null,"observacoes":"","anoadicional":null,"dataadicional":null,"identificacao":null,"tipodocumento":132,"numeroprocesso":null,"numeroadicional":null,"descricaocompleta":"Projeto de Lei N\u00ba 7/2022","complementoprocesso":null,"complementoadicional":null},"composicao":{"id":1,"modelo":28,"versao":2,"__model__":"Tipocomposicaosessao","descricao":"Ata de sess\u00e3o","composicaoativo":0,"composicaogrupo":null,"composicaotexto":"{\\rtf1\\ansi\\ansicpg1252\\deff0\\deflang1046{\\fonttbl{\\f0\\fnil\\fcharset0 Microsoft Sans Serif;}}\r\n\\viewkind4\\uc1\\pard\\f0\\fs20 [b]$DOCUMENTO$[/b] - [u]$DATA$[/u][br][b]Assunto: [/b][i]$ASSUNTO$[/i][br][b]Autoria: [/b][i]$AUTORIA$[/i][br][br]\\par\r\n\\pard\\fs20\\par\r\n}\r\n","frequenciaativo":1,"frequenciagrupo":"","frequenciatexto":"{\\rtf1\\ansi\\ansicpg1252\\deff0\\deflang1046{\\fonttbl{\\f0\\fnil\\fcharset0 Microsoft Sans Serif;}}\r\n\\viewkind4\\uc1\\pard\\f0\\fs20\\par\r\n}\r\n","subtipodocumento":143,"composicaoconector":"[br]","composicaovariavel":"COMPOSICAO","frequenciaconector":",","frequenciavariavel":null},"sessaodocumento":{"id":34800,"sessao":1903,"__model__":"Sessaodocumento"}}}},"data_ordem":"2022-04-11","observacao":"","numero_ordem":4,"resultado":"","tipo_votacao":1,"votacao_aberta":false,"registro_aberto":false,"sessao_plenaria":1903,"materia":34689,"tramitacao":null}