{"id":36422,"__str__":"Lei Ordin\u00e1ria n\u00ba 1.701, de 08 de setembro de 2025","link_detail_backend":"/norma/36422","metadata":{},"texto_integral":"http://sapl.diamantino.mt.leg.br/media/sapl/public/normajuridica/2025/36422/1701-2025-lo-ple-054-2025.pdf","numero":"1701","ano":2025,"esfera_federacao":"M","data":"2025-09-08","data_publicacao":"2025-09-25","veiculo_publicacao":"https://diariomunicipal.org/mt/amm/","pagina_inicio_publicacao":356,"pagina_fim_publicacao":356,"ementa":"Institui no calend\u00e1rio oficial do munic\u00edpio de Diamantino, o Dia do Profissional de Educa\u00e7\u00e3o.","indexacao":"","observacao":"","complemento":false,"data_vigencia":null,"timestamp":"2025-10-14T17:52:55.865889-04:00","data_ultima_atualizacao":"2025-10-14T17:52:55.867247-04:00","ip":"179.125.43.100","ultima_edicao":"2025-10-14T17:52:55.752659-04:00","tipo":144,"materia":37858,"orgao":null,"user":39,"assuntos":[],"autores":[994]}