{"id":38171,"__str__":"Emenda Impositiva n\u00ba 27 de 2025","link_detail_backend":"/materia/38171","metadata":{},"numero":27,"ano":2025,"numero_protocolo":null,"data_apresentacao":"2025-12-05","tipo_apresentacao":"E","data_publicacao":null,"numero_origem_externa":"","ano_origem_externa":null,"data_origem_externa":null,"apelido":"","dias_prazo":null,"data_fim_prazo":null,"em_tramitacao":false,"polemica":false,"objeto":"","complementar":false,"ementa":"Emenda Modificativa Impositiva Individual n\u00ba 027/2025 - ao PLE n\u00ba 052/2025, apresentada pelo Vereador Gon\u00e7alina da Costa Souza - Justificativa: destina  \u00e0 Associa\u00e7\u00e3o dos Mini e Pequenos Produtores do C\u00f3rrego Grande, inscrita no CNPJ 02.462.412/0001-79, para a realiza\u00e7\u00e3o de reforma na sede da associa\u00e7\u00e3o, de R$ 30.000,00","indexacao":"","observacao":"","resultado":"","texto_original":"http://sapl.diamantino.mt.leg.br/media/sapl/public/materialegislativa/2025/38171/027-2025-emendaimpositva-gonacalina-corregogrande.pdf","data_ultima_atualizacao":"2026-02-25T15:26:30.251813-04:00","ip":"179.125.43.100","ultima_edicao":"2025-12-11T09:32:36.417910-04:00","tipo":352,"regime_tramitacao":6,"tipo_origem_externa":null,"local_origem_externa":null,"user":19,"anexadas":[37984],"autores":[14]}