{"id":37838,"__str__":"Indica\u00e7\u00e3o n\u00ba 225 de 2025","link_detail_backend":"/materia/37838","metadata":{"signs":{"texto_original":{"admin":[],"autores":[["Monnize da Costa Dias Zangeroli",["2025-08-14T10:28:16-03:00","Gov-Br"]]]}}},"numero":225,"ano":2025,"numero_protocolo":962,"data_apresentacao":"2025-08-14","tipo_apresentacao":"E","data_publicacao":null,"numero_origem_externa":"","ano_origem_externa":null,"data_origem_externa":null,"apelido":"","dias_prazo":null,"data_fim_prazo":null,"em_tramitacao":false,"polemica":false,"objeto":"","complementar":false,"ementa":"indico ao Poder Executivo que realizem manuten\u00e7\u00e3o e libera\u00e7\u00e3o para uso dos banheiros p\u00fablicos da Pra\u00e7a Francisco Ferreira Mendes, localizada no Bairro da \r\nPonte.","indexacao":"","observacao":"","resultado":"","texto_original":"http://sapl.diamantino.mt.leg.br/media/sapl/public/materialegislativa/2025/37838/indicacao_banheiros_publicos__assinado.pdf","data_ultima_atualizacao":"2025-09-05T13:33:13.247206-04:00","ip":"179.125.43.100","ultima_edicao":"2025-08-14T10:01:35.813875-04:00","tipo":138,"regime_tramitacao":6,"tipo_origem_externa":null,"local_origem_externa":null,"user":19,"anexadas":[],"autores":[996]}