{"id":37836,"__str__":"Indica\u00e7\u00e3o n\u00ba 223 de 2025","link_detail_backend":"/materia/37836","metadata":{"signs":{"texto_original":{"admin":[],"autores":[["Monnize da Costa Dias Zangeroli",["2025-08-14T10:32:40-03:00","Gov-Br"]]]}}},"numero":223,"ano":2025,"numero_protocolo":960,"data_apresentacao":"2025-08-14","tipo_apresentacao":"E","data_publicacao":null,"numero_origem_externa":"","ano_origem_externa":null,"data_origem_externa":null,"apelido":"","dias_prazo":null,"data_fim_prazo":null,"em_tramitacao":false,"polemica":false,"objeto":"","complementar":false,"ementa":"indico ao Poder Executivo que realize a adequa\u00e7\u00e3o e mudan\u00e7a da faixa de pedestre nas proximidades da Pra\u00e7a Francisco Ferreira Mendes, no Bairro da Ponte, garantindo acessibilidade \u00e0s pessoas com defici\u00eancias e mobilidade reduzida, especialmente os atendidos pela APAE.","indexacao":"","observacao":"","resultado":"","texto_original":"http://sapl.diamantino.mt.leg.br/media/sapl/public/materialegislativa/2025/37836/indicacao_realize_a_adequacao_e_mudanca_da_faixa_de_pedestre__assinado.pdf","data_ultima_atualizacao":"2025-09-08T15:13:15.018801-04:00","ip":"179.125.43.100","ultima_edicao":"2025-08-14T09:57:54.568759-04:00","tipo":138,"regime_tramitacao":6,"tipo_origem_externa":null,"local_origem_externa":null,"user":19,"anexadas":[],"autores":[996]}