{"id":37626,"__str__":"Requerimento n\u00ba 28 de 2025","link_detail_backend":"/materia/37626","metadata":{},"numero":28,"ano":2025,"numero_protocolo":645,"data_apresentacao":"2025-05-23","tipo_apresentacao":"E","data_publicacao":null,"numero_origem_externa":"","ano_origem_externa":null,"data_origem_externa":null,"apelido":"","dias_prazo":null,"data_fim_prazo":null,"em_tramitacao":true,"polemica":false,"objeto":"","complementar":false,"ementa":"Requeiro ao Poder Executivo esclarecimentos quanto \u00e0 \u00e1rea p\u00fablica destinada \u00e0 instala\u00e7\u00e3o do Corpo de Bombeiros, Pol\u00edcia Militar e, especialmente, \u00e0 eventual \u00e1rea vinculada \u00e0 C\u00e2mara Municipal de Diamantino, com \u00eanfase na veracidade das informa\u00e7\u00f5es e localiza\u00e7\u00e3o precisa da \u00e1rea referida.","indexacao":"","observacao":"","resultado":"","texto_original":"http://sapl.diamantino.mt.leg.br/media/sapl/public/materialegislativa/2025/37626/028-2025-req-monnize.pdf","data_ultima_atualizacao":"2025-09-16T14:33:19.193577-04:00","ip":"179.125.43.100","ultima_edicao":"2025-05-23T17:31:54.202426-04:00","tipo":137,"regime_tramitacao":6,"tipo_origem_externa":null,"local_origem_externa":null,"user":50,"anexadas":[],"autores":[996]}