{"id":37528,"__str__":"Indica\u00e7\u00e3o n\u00ba 135 de 2025","link_detail_backend":"/materia/37528","metadata":{},"numero":135,"ano":2025,"numero_protocolo":513,"data_apresentacao":"2025-04-29","tipo_apresentacao":"E","data_publicacao":null,"numero_origem_externa":"","ano_origem_externa":null,"data_origem_externa":null,"apelido":"","dias_prazo":null,"data_fim_prazo":null,"em_tramitacao":true,"polemica":false,"objeto":"","complementar":false,"ementa":"Indico ao Presidente da C\u00e2mara Municipal de Diamantino, Vereador Ranielli Patrick de Arruda Lima, a forma\u00e7\u00e3o de um bloco parlamentar denominado \"FRENTE PARLAMENTAR DO M\u00c9DIO NORTE\", composto por vereadores de todos os munic\u00edpios que integram a regi\u00e3o do M\u00e9dio Norte do Estado de Mato Grosso.","indexacao":"","observacao":"","resultado":"","texto_original":"http://sapl.diamantino.mt.leg.br/media/sapl/public/materialegislativa/2025/37528/135-2025-ind-monnizedemaisvereadores.pdf","data_ultima_atualizacao":"2025-08-21T17:36:31.352415-04:00","ip":"179.125.43.100","ultima_edicao":"2025-04-29T14:12:10.571898-04:00","tipo":138,"regime_tramitacao":6,"tipo_origem_externa":null,"local_origem_externa":null,"user":50,"anexadas":[],"autores":[995,976,523,996,527,20]}