{"id":37102,"__str__":"Mo\u00e7\u00e3o n\u00ba 23 de 2024","link_detail_backend":"/materia/37102","metadata":{},"numero":23,"ano":2024,"numero_protocolo":816,"data_apresentacao":"2024-11-22","tipo_apresentacao":"E","data_publicacao":null,"numero_origem_externa":"","ano_origem_externa":null,"data_origem_externa":null,"apelido":"","dias_prazo":null,"data_fim_prazo":null,"em_tramitacao":false,"polemica":false,"objeto":"","complementar":false,"ementa":"Requerem que seja encaminhada Mo\u00e7\u00e3o de Rep\u00fadio ao CEO global do Carrefour, Alexandre Bompard, por ter afirmado em 20 de novembro de 2024, em suas redes sociais que \u201cassume hoje o compromisso de n\u00e3o comercializar nenhuma carne proveniente do Mercosul.\u201d","indexacao":"","observacao":"","resultado":"","texto_original":null,"data_ultima_atualizacao":"2024-11-26T17:32:28.235213-04:00","ip":"179.125.43.100","ultima_edicao":"2024-11-25T15:46:51.560918-04:00","tipo":139,"regime_tramitacao":6,"tipo_origem_externa":null,"local_origem_externa":null,"user":19,"anexadas":[],"autores":[816,813,814,815,88,523,817,818,527]}