{"id":34591,"__str__":"Requerimento n\u00ba 16 de 2022","link_detail_backend":"/materia/34591","metadata":{"old_system":{"value":{"id":34591,"ano":2022,"data":"2022-03-21T00:00:00Z","flag1":null,"valor":null,"numero":16,"quorum":{},"regime":{"id":6,"tipo":9,"ordem":0,"versao":1,"__model__":"Tipo","descricao":"Ordin\u00e1rio","descricoes":"Ordin\u00e1rios"},"versao":0,"assunto":"JUSTIFICATIVA DE FALTA NA SESS\u00c3O SOLENE E SESS\u00c3O ORDIN\u00c1RIA DO DIA 21.03/2022 VER. ALFREDO MATHEUS KELLER","subtipo":{"id":{"id":328,"tipo":3,"ordem":5,"versao":1,"__model__":"Tipo","descricao":"JUSTIFICATIVA FALTA EM SESS\u00c3O","descricoes":"JUSTIFICATIVA FALTA EM SESS\u00c3O"},"__model__":"Subtipodocumento","tipodocumento":{"id":{"id":137,"tipo":2,"ordem":0,"versao":5,"__model__":"Tipo","descricao":"Requerimento","descricoes":"Requerimentos"},"sigla":"REQ","conector":"ao","temflag1":0,"temvalor":0,"__model__":"Tipodocumento","omitirano":0,"temquorum":0,"temregime":1,"temsubtipo":1,"temvotacao":0,"temarquivos":1,"temautorias":1,"temprocesso":1,"temsituacao":1,"temdiscussao":0,"processounico":0,"temalteracoes":0,"tiponumeracao":{"id":{"id":1,"tipo":28,"ordem":0,"versao":1,"__model__":"Tipo","descricao":"Documento Anual","descricoes":"Documento Anual"},"comdata":0,"__model__":"Tiponumeracao","porsubtipo":0,"tiponumeracao":3},"omitirpesquisa":0,"tempublicacoes":0,"temtramitacoes":1,"temidentificacao":0,"temclassificacoes":1,"processoautomatico":0,"protocoloautomatico":0,"tiponumeracaoprocesso":{"id":{"id":3,"tipo":28,"ordem":0,"versao":1,"__model__":"Tipo","descricao":"Processo Legislativo","descricoes":"Processo Legislativo"},"comdata":0,"__model__":"Tiponumeracao","porsubtipo":0,"tiponumeracao":3},"tipointerferenumeracao":0,"tiponumeracaoadicional":{},"tiponumeracaoprotocolo":{"id":{"id":4,"tipo":28,"ordem":0,"versao":1,"__model__":"Tipo","descricao":"Protocolo","descricoes":"Protocolo"},"comdata":0,"__model__":"Tiponumeracao","porsubtipo":0,"tiponumeracao":3},"publicararquivosautomaticamente":0}},"votacao":{},"publicar":1,"situacao":{"id":284,"tipo":18,"ordem":12,"versao":1,"__model__":"Tipo","descricao":"EXPEDIENTE","descricoes":"EXPEDIENTE"},"__model__":"Documento","descricao":"Requerimento N\u00ba 16/2022","discussao":{},"anoprocesso":null,"complemento":null,"observacoes":"","anoadicional":null,"dataadicional":null,"identificacao":null,"tipodocumento":{"id":{"id":137,"tipo":2,"ordem":0,"versao":5,"__model__":"Tipo","descricao":"Requerimento","descricoes":"Requerimentos"},"sigla":"REQ","conector":"ao","temflag1":0,"temvalor":0,"__model__":"Tipodocumento","omitirano":0,"temquorum":0,"temregime":1,"temsubtipo":1,"temvotacao":0,"temarquivos":1,"temautorias":1,"temprocesso":1,"temsituacao":1,"temdiscussao":0,"processounico":0,"temalteracoes":0,"tiponumeracao":{"id":{"id":1,"tipo":28,"ordem":0,"versao":1,"__model__":"Tipo","descricao":"Documento Anual","descricoes":"Documento Anual"},"comdata":0,"__model__":"Tiponumeracao","porsubtipo":0,"tiponumeracao":3},"omitirpesquisa":0,"tempublicacoes":0,"temtramitacoes":1,"temidentificacao":0,"temclassificacoes":1,"processoautomatico":0,"protocoloautomatico":0,"tiponumeracaoprocesso":{"id":{"id":3,"tipo":28,"ordem":0,"versao":1,"__model__":"Tipo","descricao":"Processo Legislativo","descricoes":"Processo Legislativo"},"comdata":0,"__model__":"Tiponumeracao","porsubtipo":0,"tiponumeracao":3},"tipointerferenumeracao":0,"tiponumeracaoadicional":{},"tiponumeracaoprotocolo":{"id":{"id":4,"tipo":28,"ordem":0,"versao":1,"__model__":"Tipo","descricao":"Protocolo","descricoes":"Protocolo"},"comdata":0,"__model__":"Tiponumeracao","porsubtipo":0,"tiponumeracao":3},"publicararquivosautomaticamente":0},"numeroprocesso":null,"numeroadicional":null,"descricaocompleta":"Requerimento N\u00ba 16/2022","complementoprocesso":null,"complementoadicional":null}}},"numero":16,"ano":2022,"numero_protocolo":218,"data_apresentacao":"2022-03-21","tipo_apresentacao":"","data_publicacao":null,"numero_origem_externa":"","ano_origem_externa":null,"data_origem_externa":null,"apelido":"","dias_prazo":null,"data_fim_prazo":null,"em_tramitacao":false,"polemica":false,"objeto":"","complementar":false,"ementa":"JUSTIFICATIVA DE FALTA NA SESS\u00c3O SOLENE E SESS\u00c3O ORDIN\u00c1RIA DO DIA 21.03/2022 VER. ALFREDO MATHEUS KELLER","indexacao":"","observacao":"Requerimento N\u00ba 16/2022 - Requerimento N\u00ba 16/2022 (JUSTIFICATIVA FALTA EM SESS\u00c3O)\nEXPEDIENTE","resultado":"","texto_original":"http://sapl.diamantino.mt.leg.br/media/sapl/public/materialegislativa/2022/34591/f5e44dc8-d59d-4a53-8f9b-74621311483a.doc","data_ultima_atualizacao":"2023-08-09T15:08:24.030390-04:00","ip":"","ultima_edicao":null,"tipo":137,"regime_tramitacao":6,"tipo_origem_externa":null,"local_origem_externa":null,"user":null,"anexadas":[],"autores":[929]}