{"id":35210,"__str__":"Diversos - Anexo 01 de 24/09/2021 por ","link_detail_backend":"/materia/documentoacessorio/35210","metadata":{"old_system":{"value":{"id":{"id":35210,"data":"2021-09-24T16:44:59Z","nome":"c74d97b01eae257e44aa9d5bade97baf\\51f796b6-6306-499a-8a75-14df2e8c087e","versao":8,"embanco":0,"tamanho":87040,"extensao":".doc","publicar":1,"__model__":"Arquivo","descricao":"Mo\u00e7\u00e3o de Aplausos"},"chave":null,"ordem":0,"conteudo":"PROTOCOLO N\u00ba: _____________________/2021 Data:_________/__________/2021 Hora: _________h_________ Min Assinatura: ___________________ EXPEDIENTE DATA: _____/______/2021 DECIS\u00c3O PLEN\u00c1RIA DATA: _________/__________/2021 ( ) APROVADO ( ) REPROVADO Visto Secret\u00e1rio: _____________________ MO\u00c7\u00c3O DE APLAUSOS N\u00ba 082/2021 NOS TERMOS DO REGIMENTO INTERNO REQUEIRO \u00c0 MESA DIRETORA E OUVIDO SOBERANO PLEN\u00c1RIO QUE SEJA ENCAMINHADA MO\u00c7\u00c3O DE APLAUSOS AO SENHOR ALU\u00cdZIO CORREA DE MATOS, EXPRESSADA NOS SEGUINTES TERMOS. A C\u00e2mara Municipal de Diamantino, por iniciativa dos Vereadores, externam elogios e aplausos ao Senhor Alu\u00edzio Correa de Matos, filho de Francisco Correa de Matos e Maria Luiza Correa de Matos, natural de Diamantino, nascido em 11/10/1969, tem 11 irm\u00e3os. \u00c9 casado com Maria Aparecida Gomes de Matos, com quem tem duas filhas, J\u00e9ssica Gomes de Matos e D\u00e9bora Gomes de Matos. Sendo descendente de fam\u00edlia humilde, teve uma inf\u00e2ncia dif\u00edcil, tendo que se locomover para a escola a p\u00e9, por v\u00e1rios quil\u00f4metros, teve que abandonar os estudos para trabalhar desde muito cedo. Aos 14 anos saiu de casa para trabalhar na Fazenda Sapezal, com servi\u00e7os gerais onde permaneceu por 4 anos. Aos 17 anos passou a trabalhar no garimpo no Rio Arinos, como mergulhador na extra\u00e7\u00e3o de ouro e diamante, ao qual ficou nesse trabalho por 3 anos. Em 1988 com 19 anos, ingressou na Empresa Remali - Materiais para constru\u00e7\u00e3o (Zagonel), na fun\u00e7\u00e3o ajudante de entrega, no per\u00edodo de 8 anos, e logo depois se tornou vendedor, por 24 anos ao qual ainda permanece no mesmo cargo at\u00e9 a presente. Apesar do pouco tempo que passou nos bancos escolares, adquiriu grande conhecimento ao longo da vida, atrav\u00e9s da sua dedica\u00e7\u00e3o ao trabalho e a fam\u00edlia. Contudo passou a freq\u00fcentar a escola Nilce Maria de Magalh\u00e3es com sua bicicleta, para retomar seus estudos, de onde havia parado. Sendo totalmente incentivado pela sua esposa e pelo saudoso Sr. Aldiomedes Zagonel, que com o passar dos anos o ajudou a comprar sua primeira motocicleta, ao qual ia sendo descontado todo m\u00eas do seu sal\u00e1rio. Formou no ensino m\u00e9dio com garra e determina\u00e7\u00e3o, anos depois dedicou a fazer cursos profissionalizantes e formou-se em T\u00e9cnico em Log\u00edstica pela Institui\u00e7\u00e3o Secitec de Diamantino. Nestes 32 anos como colaborador da Empresa Zagonel, conhece a cidade como poucos, onde ficou conhecido carinhosamente como Alu\u00edzio Gente Fina, \u00e9 admirado por muitas pessoas, apesar do seu jeito s\u00e9rio, sempre procurou ajudar a todos, com o pouco que sabe, cativando os que com ele convivem. Sua pol\u00edtica de vida sempre foi a de exercer seu trabalho da maneira mais correta poss\u00edvel, tornando-se um grande exemplo aos seus 11 irm\u00e3o e a todos que o cercam. Assim em forma de Mo\u00e7\u00e3o de Aplausos e em reconhecimento, este Poder Legislativo expressa e elogios ao Senhor Alu\u00edzio Correa de Matos. Plen\u00e1rio Ver. Juvenal Benedicto Soares, 27 de setembro de 2021 Ver. Adriano Soares Correa \u2013 PSB Ver. Arildo Gerhardt Neto \u2013 PODEMOS Ver. Diocelio Antunes Pruciano \u2013 PDT Ver. Edimilson Freitas Almeida \u2013 PSDB Ver. Eraldes Catarino de Campos \u2013 MDB Ver. Jos\u00e9 Carlos David \u2013 PDT Ver\u00aa. Michele Cristina Carrasco Mauriz \u2013 DEM Ver. Ranielli Patrick Arruda Lima \u2013 PDT Rua Des. Joaquim P. F. Mendes, 2345 \u2013 Jd. Eldorado \u2013 Diamantino-MT \u2013 78400-000 (65) 3336-1419 - HYPERLINK \"http://www.camaradiamantino.mt.gov.br\" www.diamantino.mt.leg.br ESTADO DE MATO GROSSO C\u00c2MARA MUNICIPAL DE DIAMANTINO \u201cPal\u00e1cio Urbano Rodrigues Fontes\u201d","__model__":"Arquivodocumento","documento":{"id":33302,"ano":2021,"data":"2021-09-24T00:00:00Z","flag1":null,"valor":null,"numero":82,"quorum":null,"regime":6,"versao":0,"assunto":"MO\u00c7\u00c3O DE APLAUSOS AO SENHOR ALUIZIO CORREA DE MATOS","subtipo":null,"votacao":null,"publicar":1,"situacao":269,"__model__":"Documento","descricao":"Mo\u00e7\u00e3o N\u00ba 82/2021","discussao":null,"anoprocesso":null,"complemento":null,"observacoes":"","anoadicional":null,"dataadicional":null,"identificacao":null,"tipodocumento":139,"numeroprocesso":null,"numeroadicional":null,"descricaocompleta":"Mo\u00e7\u00e3o N\u00ba 82/2021","complementoprocesso":null,"complementoadicional":null},"protegido":0}}},"nome":"Anexo 01","data":"2021-09-24","autor":"","ementa":"","indexacao":"PROTOCOLO N\u00ba: _____________________/2021 Data:_________/__________/2021 Hora: _________h_________ Min Assinatura: ___________________ EXPEDIENTE DATA: _____/______/2021 DECIS\u00c3O PLEN\u00c1RIA DATA: _________/__________/2021 ( ) APROVADO ( ) REPROVADO Visto Secret\u00e1rio: _____________________ MO\u00c7\u00c3O DE APLAUSOS N\u00ba 082/2021 NOS TERMOS DO REGIMENTO INTERNO REQUEIRO \u00c0 MESA DIRETORA E OUVIDO SOBERANO PLEN\u00c1RIO QUE SEJA ENCAMINHADA MO\u00c7\u00c3O DE APLAUSOS AO SENHOR ALU\u00cdZIO CORREA DE MATOS, EXPRESSADA NOS SEGUINTES TERMOS. A C\u00e2mara Municipal de Diamantino, por iniciativa dos Vereadores, externam elogios e aplausos ao Senhor Alu\u00edzio Correa de Matos, filho de Francisco Correa de Matos e Maria Luiza Correa de Matos, natural de Diamantino, nascido em 11/10/1969, tem 11 irm\u00e3os. \u00c9 casado com Maria Aparecida Gomes de Matos, com quem tem duas filhas, J\u00e9ssica Gomes de Matos e D\u00e9bora Gomes de Matos. Sendo descendente de fam\u00edlia humilde, teve uma inf\u00e2ncia dif\u00edcil, tendo que se locomover para a escola a p\u00e9, por v\u00e1rios quil\u00f4metros, teve que abandonar os estudos para trabalhar desde muito cedo. Aos 14 anos saiu de casa para trabalhar na Fazenda Sapezal, com servi\u00e7os gerais onde permaneceu por 4 anos. Aos 17 anos passou a trabalhar no garimpo no Rio Arinos, como mergulhador na extra\u00e7\u00e3o de ouro e diamante, ao qual ficou nesse trabalho por 3 anos. Em 1988 com 19 anos, ingressou na Empresa Remali - Materiais para constru\u00e7\u00e3o (Zagonel), na fun\u00e7\u00e3o ajudante de entrega, no per\u00edodo de 8 anos, e logo depois se tornou vendedor, por 24 anos ao qual ainda permanece no mesmo cargo at\u00e9 a presente. Apesar do pouco tempo que passou nos bancos escolares, adquiriu grande conhecimento ao longo da vida, atrav\u00e9s da sua dedica\u00e7\u00e3o ao trabalho e a fam\u00edlia. Contudo passou a freq\u00fcentar a escola Nilce Maria de Magalh\u00e3es com sua bicicleta, para retomar seus estudos, de onde havia parado. Sendo totalmente incentivado pela sua esposa e pelo saudoso Sr. Aldiomedes Zagonel, que com o passar dos anos o ajudou a comprar sua primeira motocicleta, ao qual ia sendo descontado todo m\u00eas do seu sal\u00e1rio. Formou no ensino m\u00e9dio com garra e determina\u00e7\u00e3o, anos depois dedicou a fazer cursos profissionalizantes e formou-se em T\u00e9cnico em Log\u00edstica pela Institui\u00e7\u00e3o Secitec de Diamantino. Nestes 32 anos como colaborador da Empresa Zagonel, conhece a cidade como poucos, onde ficou conhecido carinhosamente como Alu\u00edzio Gente Fina, \u00e9 admirado por muitas pessoas, apesar do seu jeito s\u00e9rio, sempre procurou ajudar a todos, com o pouco que sabe, cativando os que com ele convivem. Sua pol\u00edtica de vida sempre foi a de exercer seu trabalho da maneira mais correta poss\u00edvel, tornando-se um grande exemplo aos seus 11 irm\u00e3o e a todos que o cercam. Assim em forma de Mo\u00e7\u00e3o de Aplausos e em reconhecimento, este Poder Legislativo expressa e elogios ao Senhor Alu\u00edzio Correa de Matos. Plen\u00e1rio Ver. Juvenal Benedicto Soares, 27 de setembro de 2021 Ver. Adriano Soares Correa \u2013 PSB Ver. Arildo Gerhardt Neto \u2013 PODEMOS Ver. Diocelio Antunes Pruciano \u2013 PDT Ver. Edimilson Freitas Almeida \u2013 PSDB Ver. Eraldes Catarino de Campos \u2013 MDB Ver. Jos\u00e9 Carlos David \u2013 PDT Ver\u00aa. Michele Cristina Carrasco Mauriz \u2013 DEM Ver. Ranielli Patrick Arruda Lima \u2013 PDT Rua Des. Joaquim P. F. Mendes, 2345 \u2013 Jd. Eldorado \u2013 Diamantino-MT \u2013 78400-000 (65) 3336-1419 - HYPERLINK \"http://www.camaradiamantino.mt.gov.br\" www.diamantino.mt.leg.br ESTADO DE MATO GROSSO C\u00c2MARA MUNICIPAL DE DIAMANTINO \u201cPal\u00e1cio Urbano Rodrigues Fontes\u201d","arquivo":"http://sapl.diamantino.mt.leg.br/media/sapl/public/documentoacessorio/2021/35210/51f796b6-6306-499a-8a75-14df2e8c087e.doc","data_ultima_atualizacao":"2022-09-02T11:36:03.462064-04:00","materia":33302,"tipo":1}