{"id":28282,"__str__":"Diversos - Anexo 01 de 17/06/2019 por ","link_detail_backend":"/materia/documentoacessorio/28282","metadata":{"old_system":{"value":{"id":{"id":28282,"data":"2019-06-17T18:03:43Z","nome":"c51ce410c124a10e0db5e4b97fc2af39\\ed0f2810-85d7-48bd-a18d-23760d2e6141","versao":16,"embanco":0,"tamanho":44544,"extensao":".doc","publicar":1,"__model__":"Arquivo","descricao":"arq 2 - Aplausos"},"chave":null,"ordem":1,"conteudo":"A C\u00e2mara Municipal de Diamantino, por iniciativa dos Vereadores Ver. Ranielli Lima, Ver. Jos\u00e9 B. de Lima e Ver. Valdemir I. da Costa e subscrita pelos demais Vereadores externa elogios e aplausos ao Conselho Municipal de Sa\u00fade, neste ato representado pela Presidente Sra. T\u00e2nia Maria Ferreira Rocha. O Conselho Municipal de Sa\u00fade, tem prestado relevantes servi\u00e7os ao Munic\u00edpio de Diamantino, em especial a Confer\u00eancia Municipal de Sa\u00fade que se realiza a cada quatro anos. Antes de ocorrer a confer\u00eancia s\u00e3o realizadas pr\u00e9-confer\u00eancias em todos os bairros de Diamantino, inclusive na Zona Rural. A \u00faltima Confer\u00eancia foi realizada no dia 05 de Junho de 2019, no Semin\u00e1rio Jesus o Bom Pastor e contou com p\u00fablico de 439 pessoas. Das pr\u00e9-confer\u00eancias e da Confer\u00eancia surgiram anseios da popula\u00e7\u00e3o, que foram transformados em propostas e ser\u00e3o encaminhadas a n\u00edvel Estadual no m\u00eas de Julho/2019 e a n\u00edvel Nacional em Agosto/2019. A Sociedade Diamantinense, representada neste ato pelo Poder Legislativo Municipal, tem por objetivo reconhecer publicamente e prestar homenagem pelo brilhante trabalho desenvolvido pelo Conselho Municipal de Sa\u00fade na busca por melhorias na sa\u00fade de nossa cidade, sendo seus membros merecedores dos mais sinceros e condignos aplausos. Diamantino, 14/06/2019. Ver. Ranielli P. A. Lima \u2013 PDT Ver. Jos\u00e9 Bezerra de Lima \u2013 PDT Ver. Valdemir Izaias da Costa - PDT","__model__":"Arquivodocumento","documento":{"id":27458,"ano":2019,"data":"2019-06-14T00:00:00Z","flag1":null,"valor":null,"numero":10,"quorum":null,"regime":6,"versao":0,"assunto":"MO\u00c7\u00c3O DE APLAUSOS AO CONSELHO MUNICIPAL DE SA\u00daDE.","subtipo":null,"votacao":null,"publicar":1,"situacao":284,"__model__":"Documento","descricao":"Mo\u00e7\u00e3o N\u00ba 10/2019","discussao":null,"anoprocesso":null,"complemento":null,"observacoes":"","anoadicional":null,"dataadicional":null,"identificacao":null,"tipodocumento":139,"numeroprocesso":null,"numeroadicional":null,"descricaocompleta":"Mo\u00e7\u00e3o N\u00ba 10/2019","complementoprocesso":null,"complementoadicional":null},"protegido":0}}},"nome":"Anexo 01","data":"2019-06-17","autor":"","ementa":"","indexacao":"A C\u00e2mara Municipal de Diamantino, por iniciativa dos Vereadores Ver. Ranielli Lima, Ver. Jos\u00e9 B. de Lima e Ver. Valdemir I. da Costa e subscrita pelos demais Vereadores externa elogios e aplausos ao Conselho Municipal de Sa\u00fade, neste ato representado pela Presidente Sra. T\u00e2nia Maria Ferreira Rocha. O Conselho Municipal de Sa\u00fade, tem prestado relevantes servi\u00e7os ao Munic\u00edpio de Diamantino, em especial a Confer\u00eancia Municipal de Sa\u00fade que se realiza a cada quatro anos. Antes de ocorrer a confer\u00eancia s\u00e3o realizadas pr\u00e9-confer\u00eancias em todos os bairros de Diamantino, inclusive na Zona Rural. A \u00faltima Confer\u00eancia foi realizada no dia 05 de Junho de 2019, no Semin\u00e1rio Jesus o Bom Pastor e contou com p\u00fablico de 439 pessoas. Das pr\u00e9-confer\u00eancias e da Confer\u00eancia surgiram anseios da popula\u00e7\u00e3o, que foram transformados em propostas e ser\u00e3o encaminhadas a n\u00edvel Estadual no m\u00eas de Julho/2019 e a n\u00edvel Nacional em Agosto/2019. A Sociedade Diamantinense, representada neste ato pelo Poder Legislativo Municipal, tem por objetivo reconhecer publicamente e prestar homenagem pelo brilhante trabalho desenvolvido pelo Conselho Municipal de Sa\u00fade na busca por melhorias na sa\u00fade de nossa cidade, sendo seus membros merecedores dos mais sinceros e condignos aplausos. Diamantino, 14/06/2019. Ver. Ranielli P. A. Lima \u2013 PDT Ver. Jos\u00e9 Bezerra de Lima \u2013 PDT Ver. Valdemir Izaias da Costa - PDT","arquivo":"http://sapl.diamantino.mt.leg.br/media/sapl/public/documentoacessorio/2019/28282/ed0f2810-85d7-48bd-a18d-23760d2e6141.doc","data_ultima_atualizacao":"2022-09-02T11:36:48.352366-04:00","materia":27458,"tipo":1}